{"id":838,"date":"2026-01-11T18:47:00","date_gmt":"2026-01-11T17:47:00","guid":{"rendered":"http:\/\/www.motoclubdegoult.fr\/?p=838"},"modified":"2026-01-12T09:42:16","modified_gmt":"2026-01-12T08:42:16","slug":"ouverture-en-janvier-2020","status":"publish","type":"post","link":"http:\/\/www.motoclubdegoult.fr\/?p=838","title":{"rendered":"OUVERTURE LES 7 ET 8 F\u00c9VRIER 2026"},"content":{"rendered":"\n<p><strong>Le circuit de La Gardi sera ouvert le samedi 7 et dimanche 8 f\u00e9vrier 2026.<\/strong><\/p>\n\n\n\n<p><mark>En pr\u00e9vision de la comp\u00e9tition du mois de mars, l&rsquo;entr\u00e9e du circuit ne sera pas limit\u00e9e mais le club se r\u00e9serve le droit, pour des raisons de s\u00e9curit\u00e9 \u00e9videntes, de mettre en place des sessions sp\u00e9cifiques par cat\u00e9gorie : Moto Open, Moto Loisir, Kids, Quads &#8230;<\/mark><\/p>\n\n\n\n<p>Dans cette perspective, le club demande aux pilotes de veiller \u00e0 cet esprit de partage pour une pratique pour tous. Le Pr\u00e9sident en appelle \u00e9galement au respect des membres du club qui restent des b\u00e9n\u00e9voles sans lesquels le circuit ne pourrait ouvrir.<\/p>\n<p>\u00a0<\/p>\n\n\n\n<p><\/p>\n\n\n","protected":false},"excerpt":{"rendered":"<p>Le circuit de La Gardi sera ouvert le samedi 7 et dimanche 8 f\u00e9vrier 2026. En pr\u00e9vision de la comp\u00e9tition<\/p>\n","protected":false},"author":1,"featured_media":1148,"comment_status":"closed","ping_status":"open","sticky":false,"template":"","format":"standard","meta":{"footnotes":""},"categories":[19,12],"tags":[],"class_list":["post-838","post","type-post","status-publish","format-standard","has-post-thumbnail","hentry","category-dateouverture","category-flash"],"_links":{"self":[{"href":"http:\/\/www.motoclubdegoult.fr\/index.php?rest_route=\/wp\/v2\/posts\/838","targetHints":{"allow":["GET"]}}],"collection":[{"href":"http:\/\/www.motoclubdegoult.fr\/index.php?rest_route=\/wp\/v2\/posts"}],"about":[{"href":"http:\/\/www.motoclubdegoult.fr\/index.php?rest_route=\/wp\/v2\/types\/post"}],"author":[{"embeddable":true,"href":"http:\/\/www.motoclubdegoult.fr\/index.php?rest_route=\/wp\/v2\/users\/1"}],"replies":[{"embeddable":true,"href":"http:\/\/www.motoclubdegoult.fr\/index.php?rest_route=%2Fwp%2Fv2%2Fcomments&post=838"}],"version-history":[{"count":9,"href":"http:\/\/www.motoclubdegoult.fr\/index.php?rest_route=\/wp\/v2\/posts\/838\/revisions"}],"predecessor-version":[{"id":1237,"href":"http:\/\/www.motoclubdegoult.fr\/index.php?rest_route=\/wp\/v2\/posts\/838\/revisions\/1237"}],"wp:featuredmedia":[{"embeddable":true,"href":"http:\/\/www.motoclubdegoult.fr\/index.php?rest_route=\/wp\/v2\/media\/1148"}],"wp:attachment":[{"href":"http:\/\/www.motoclubdegoult.fr\/index.php?rest_route=%2Fwp%2Fv2%2Fmedia&parent=838"}],"wp:term":[{"taxonomy":"category","embeddable":true,"href":"http:\/\/www.motoclubdegoult.fr\/index.php?rest_route=%2Fwp%2Fv2%2Fcategories&post=838"},{"taxonomy":"post_tag","embeddable":true,"href":"http:\/\/www.motoclubdegoult.fr\/index.php?rest_route=%2Fwp%2Fv2%2Ftags&post=838"}],"curies":[{"name":"wp","href":"https:\/\/api.w.org\/{rel}","templated":true}]}}