{"id":759,"date":"2018-11-15T11:29:54","date_gmt":"2018-11-15T10:29:54","guid":{"rendered":"http:\/\/www.motoclubdegoult.fr\/?p=759"},"modified":"2018-11-30T19:31:55","modified_gmt":"2018-11-30T18:31:55","slug":"ouverture-exceptionnelle-les-17-et-18-novembre","status":"publish","type":"post","link":"http:\/\/www.motoclubdegoult.fr\/?p=759","title":{"rendered":"OUVERTURE EXCEPTIONNELLE LES 17 ET 18 NOVEMBRE &#8230;"},"content":{"rendered":"<p>Suite \u00e0 la fermeture de la piste les 3 et 4 novembre, <strong>une ouverture du circuit de La Gardi est pr\u00e9vue \u00e0 titre exceptionnel le samedi 17 et le dimanche 18 novembre<\/strong>.<\/p>\n<p>Les membres du Moto Club ont r\u00e9alis\u00e9 \u00e0 nouveau un travail de pr\u00e9paration important pour offrir une superbe piste aux pilotes lors de ce weekend d&rsquo;entrainement.<\/p>\n<p><a href=\"http:\/\/www.motoclubdegoult.fr\/wp-content\/uploads\/2018\/11\/Resized_20181026_173159_550611.jpg\"><img loading=\"lazy\" decoding=\"async\" class=\"aligncenter size-full wp-image-761\" src=\"http:\/\/www.motoclubdegoult.fr\/wp-content\/uploads\/2018\/11\/Resized_20181026_173159_550611.jpg\" alt=\"\" width=\"1080\" height=\"810\" srcset=\"http:\/\/www.motoclubdegoult.fr\/wp-content\/uploads\/2018\/11\/Resized_20181026_173159_550611.jpg 1080w, http:\/\/www.motoclubdegoult.fr\/wp-content\/uploads\/2018\/11\/Resized_20181026_173159_550611-300x225.jpg 300w, http:\/\/www.motoclubdegoult.fr\/wp-content\/uploads\/2018\/11\/Resized_20181026_173159_550611-768x576.jpg 768w, http:\/\/www.motoclubdegoult.fr\/wp-content\/uploads\/2018\/11\/Resized_20181026_173159_550611-1024x768.jpg 1024w\" sizes=\"auto, (max-width: 1080px) 100vw, 1080px\" \/><\/a><\/p>\n<p><a href=\"http:\/\/www.motoclubdegoult.fr\/wp-content\/uploads\/2018\/11\/Resized_20181027_100441_573511.jpg\"><img loading=\"lazy\" decoding=\"async\" class=\"aligncenter size-full wp-image-763\" src=\"http:\/\/www.motoclubdegoult.fr\/wp-content\/uploads\/2018\/11\/Resized_20181027_100441_573511.jpg\" alt=\"\" width=\"1080\" height=\"810\" srcset=\"http:\/\/www.motoclubdegoult.fr\/wp-content\/uploads\/2018\/11\/Resized_20181027_100441_573511.jpg 1080w, http:\/\/www.motoclubdegoult.fr\/wp-content\/uploads\/2018\/11\/Resized_20181027_100441_573511-300x225.jpg 300w, http:\/\/www.motoclubdegoult.fr\/wp-content\/uploads\/2018\/11\/Resized_20181027_100441_573511-768x576.jpg 768w, http:\/\/www.motoclubdegoult.fr\/wp-content\/uploads\/2018\/11\/Resized_20181027_100441_573511-1024x768.jpg 1024w\" sizes=\"auto, (max-width: 1080px) 100vw, 1080px\" \/><\/a><\/p>\n<p>&nbsp;<\/p>\n","protected":false},"excerpt":{"rendered":"<p>Suite \u00e0 la fermeture de la piste les 3 et 4 novembre, une ouverture du circuit de La Gardi est<\/p>\n","protected":false},"author":1,"featured_media":760,"comment_status":"closed","ping_status":"open","sticky":false,"template":"","format":"standard","meta":{"footnotes":""},"categories":[19],"tags":[],"class_list":["post-759","post","type-post","status-publish","format-standard","has-post-thumbnail","hentry","category-dateouverture"],"_links":{"self":[{"href":"http:\/\/www.motoclubdegoult.fr\/index.php?rest_route=\/wp\/v2\/posts\/759","targetHints":{"allow":["GET"]}}],"collection":[{"href":"http:\/\/www.motoclubdegoult.fr\/index.php?rest_route=\/wp\/v2\/posts"}],"about":[{"href":"http:\/\/www.motoclubdegoult.fr\/index.php?rest_route=\/wp\/v2\/types\/post"}],"author":[{"embeddable":true,"href":"http:\/\/www.motoclubdegoult.fr\/index.php?rest_route=\/wp\/v2\/users\/1"}],"replies":[{"embeddable":true,"href":"http:\/\/www.motoclubdegoult.fr\/index.php?rest_route=%2Fwp%2Fv2%2Fcomments&post=759"}],"version-history":[{"count":1,"href":"http:\/\/www.motoclubdegoult.fr\/index.php?rest_route=\/wp\/v2\/posts\/759\/revisions"}],"predecessor-version":[{"id":764,"href":"http:\/\/www.motoclubdegoult.fr\/index.php?rest_route=\/wp\/v2\/posts\/759\/revisions\/764"}],"wp:featuredmedia":[{"embeddable":true,"href":"http:\/\/www.motoclubdegoult.fr\/index.php?rest_route=\/wp\/v2\/media\/760"}],"wp:attachment":[{"href":"http:\/\/www.motoclubdegoult.fr\/index.php?rest_route=%2Fwp%2Fv2%2Fmedia&parent=759"}],"wp:term":[{"taxonomy":"category","embeddable":true,"href":"http:\/\/www.motoclubdegoult.fr\/index.php?rest_route=%2Fwp%2Fv2%2Fcategories&post=759"},{"taxonomy":"post_tag","embeddable":true,"href":"http:\/\/www.motoclubdegoult.fr\/index.php?rest_route=%2Fwp%2Fv2%2Ftags&post=759"}],"curies":[{"name":"wp","href":"https:\/\/api.w.org\/{rel}","templated":true}]}}