{"id":726,"date":"2018-09-05T13:11:10","date_gmt":"2018-09-05T12:11:10","guid":{"rendered":"http:\/\/www.motoclubdegoult.fr\/?p=726"},"modified":"2018-10-01T15:28:00","modified_gmt":"2018-10-01T14:28:00","slug":"re-ouverture-de-la-gardi-les-15-et-16-septembre","status":"publish","type":"post","link":"http:\/\/www.motoclubdegoult.fr\/?p=726","title":{"rendered":"RE-OUVERTURE DE LA GARDI LES 15 ET 16 SEPTEMBRE &#8230;"},"content":{"rendered":"<p>Ferm\u00e9 durant la p\u00e9riode estivale, <strong>le circuit de La Gardi ouvrira \u00e0 nouveau ses portes le weekend du 15 et 16 septembre 2018.<\/strong><\/p>\n<p>En perspective de cette \u00e9ch\u00e9ance, les b\u00e9n\u00e9voles du club ont d\u00e9but\u00e9 la pr\u00e9paration de la piste afin d&rsquo;offrir aux pilotes des conditions de pratiques optimales.<\/p>\n<p><a href=\"http:\/\/www.motoclubdegoult.fr\/wp-content\/uploads\/2018\/09\/mcg_145711.jpg\"><img loading=\"lazy\" decoding=\"async\" class=\"aligncenter size-full wp-image-727\" src=\"http:\/\/www.motoclubdegoult.fr\/wp-content\/uploads\/2018\/09\/mcg_145711.jpg\" alt=\"\" width=\"1080\" height=\"810\" srcset=\"http:\/\/www.motoclubdegoult.fr\/wp-content\/uploads\/2018\/09\/mcg_145711.jpg 1080w, http:\/\/www.motoclubdegoult.fr\/wp-content\/uploads\/2018\/09\/mcg_145711-300x225.jpg 300w, http:\/\/www.motoclubdegoult.fr\/wp-content\/uploads\/2018\/09\/mcg_145711-768x576.jpg 768w, http:\/\/www.motoclubdegoult.fr\/wp-content\/uploads\/2018\/09\/mcg_145711-1024x768.jpg 1024w\" sizes=\"auto, (max-width: 1080px) 100vw, 1080px\" \/><\/a><\/p>\n<p><a href=\"http:\/\/www.motoclubdegoult.fr\/wp-content\/uploads\/2018\/09\/mcg_161311.jpg\"><img loading=\"lazy\" decoding=\"async\" class=\"aligncenter size-full wp-image-728\" src=\"http:\/\/www.motoclubdegoult.fr\/wp-content\/uploads\/2018\/09\/mcg_161311.jpg\" alt=\"\" width=\"1080\" height=\"810\" srcset=\"http:\/\/www.motoclubdegoult.fr\/wp-content\/uploads\/2018\/09\/mcg_161311.jpg 1080w, http:\/\/www.motoclubdegoult.fr\/wp-content\/uploads\/2018\/09\/mcg_161311-300x225.jpg 300w, http:\/\/www.motoclubdegoult.fr\/wp-content\/uploads\/2018\/09\/mcg_161311-768x576.jpg 768w, http:\/\/www.motoclubdegoult.fr\/wp-content\/uploads\/2018\/09\/mcg_161311-1024x768.jpg 1024w\" sizes=\"auto, (max-width: 1080px) 100vw, 1080px\" \/><\/a><\/p>\n","protected":false},"excerpt":{"rendered":"<p>Ferm\u00e9 durant la p\u00e9riode estivale, le circuit de La Gardi ouvrira \u00e0 nouveau ses portes le weekend du 15 et<\/p>\n","protected":false},"author":1,"featured_media":728,"comment_status":"closed","ping_status":"open","sticky":false,"template":"","format":"standard","meta":{"footnotes":""},"categories":[19],"tags":[],"class_list":["post-726","post","type-post","status-publish","format-standard","has-post-thumbnail","hentry","category-dateouverture"],"_links":{"self":[{"href":"http:\/\/www.motoclubdegoult.fr\/index.php?rest_route=\/wp\/v2\/posts\/726","targetHints":{"allow":["GET"]}}],"collection":[{"href":"http:\/\/www.motoclubdegoult.fr\/index.php?rest_route=\/wp\/v2\/posts"}],"about":[{"href":"http:\/\/www.motoclubdegoult.fr\/index.php?rest_route=\/wp\/v2\/types\/post"}],"author":[{"embeddable":true,"href":"http:\/\/www.motoclubdegoult.fr\/index.php?rest_route=\/wp\/v2\/users\/1"}],"replies":[{"embeddable":true,"href":"http:\/\/www.motoclubdegoult.fr\/index.php?rest_route=%2Fwp%2Fv2%2Fcomments&post=726"}],"version-history":[{"count":1,"href":"http:\/\/www.motoclubdegoult.fr\/index.php?rest_route=\/wp\/v2\/posts\/726\/revisions"}],"predecessor-version":[{"id":729,"href":"http:\/\/www.motoclubdegoult.fr\/index.php?rest_route=\/wp\/v2\/posts\/726\/revisions\/729"}],"wp:featuredmedia":[{"embeddable":true,"href":"http:\/\/www.motoclubdegoult.fr\/index.php?rest_route=\/wp\/v2\/media\/728"}],"wp:attachment":[{"href":"http:\/\/www.motoclubdegoult.fr\/index.php?rest_route=%2Fwp%2Fv2%2Fmedia&parent=726"}],"wp:term":[{"taxonomy":"category","embeddable":true,"href":"http:\/\/www.motoclubdegoult.fr\/index.php?rest_route=%2Fwp%2Fv2%2Fcategories&post=726"},{"taxonomy":"post_tag","embeddable":true,"href":"http:\/\/www.motoclubdegoult.fr\/index.php?rest_route=%2Fwp%2Fv2%2Ftags&post=726"}],"curies":[{"name":"wp","href":"https:\/\/api.w.org\/{rel}","templated":true}]}}